{"id":6969,"date":"2026-09-01T11:25:51","date_gmt":"2026-09-01T09:25:51","guid":{"rendered":"https:\/\/eoiestepona.org\/web\/?p=6969"},"modified":"2026-09-01T11:25:51","modified_gmt":"2026-09-01T09:25:51","slug":"volvemos-a-la-escuela","status":"publish","type":"post","link":"https:\/\/eoiestepona.org\/web\/volvemos-a-la-escuela\/","title":{"rendered":"\u00a1Volvemos a la escuela!"},"content":{"rendered":"\n<p class=\"wp-block-paragraph\"><\/p>\n\n\n\n<p class=\"wp-block-paragraph\">\u00a1Ya estamos de vuelta! \ud83c\udfeb\u2728 A partir de <strong>hoy, 1 de septiembre<\/strong>, la <strong>EOI Estepona<\/strong> vuelve a abrir sus puertas y comienza a recuperar poco a poco su actividad despu\u00e9s del verano.<\/p>\n\n\n\n<p class=\"wp-block-paragraph\">Comienza un nuevo curso lleno de <strong>idiomas, aprendizaje, nuevos retos y muchas oportunidades para seguir creciendo<\/strong>. Estamos preparando todo con ilusi\u00f3n para recibir a nuestro alumnado y afrontar juntos esta nueva etapa.<\/p>\n\n\n\n<p class=\"wp-block-paragraph\">\ud83d\udcda <strong>\u00bfTienes ganas de volver a clase? Nosotros tambi\u00e9n.<\/strong><\/p>\n\n\n\n<p class=\"wp-block-paragraph\">Durante estos d\u00edas iremos informando de todas las novedades relacionadas con el inicio del curso, horarios, grupos, matr\u00edcula y dem\u00e1s cuestiones de inter\u00e9s.<\/p>\n\n\n\n<p class=\"wp-block-paragraph\">\u00a1Esperamos verte muy pronto en la EOI Estepona!<\/p>\n\n\n\n<p class=\"wp-block-paragraph\"><strong>\u00a1Bienvenidos y bienvenidas al nuevo curso 2026\/2027!<\/strong> \ud83c\udf0d\ud83d\udde3\ufe0f\ud83d\udcd6<\/p>\n\n\n\n<p class=\"wp-block-paragraph\"><strong>\u00a1Nos vemos en la escuela!<\/strong><\/p>\n\n\n\n<figure class=\"wp-block-image size-large\"><img loading=\"lazy\" decoding=\"async\" width=\"1024\" height=\"1024\" src=\"https:\/\/eoiestepona.org\/web\/wp-content\/uploads\/2026\/09\/vuelta-1024x1024.jpg\" alt=\"\" class=\"wp-image-6970\" srcset=\"https:\/\/eoiestepona.org\/web\/wp-content\/uploads\/2026\/09\/vuelta-1024x1024.jpg 1024w, https:\/\/eoiestepona.org\/web\/wp-content\/uploads\/2026\/09\/vuelta-300x300.jpg 300w, https:\/\/eoiestepona.org\/web\/wp-content\/uploads\/2026\/09\/vuelta-150x150.jpg 150w, https:\/\/eoiestepona.org\/web\/wp-content\/uploads\/2026\/09\/vuelta-768x768.jpg 768w, https:\/\/eoiestepona.org\/web\/wp-content\/uploads\/2026\/09\/vuelta.jpg 1264w\" sizes=\"auto, (max-width: 1024px) 100vw, 1024px\" \/><\/figure>\n","protected":false},"excerpt":{"rendered":"<p>\u00a1Ya estamos de vuelta! \ud83c\udfeb\u2728 A partir de hoy, 1 de septiembre, la EOI Estepona vuelve a abrir sus puertas y comienza a recuperar poco a poco su actividad despu\u00e9s &#8230;<\/p>\n","protected":false},"author":2,"featured_media":6970,"comment_status":"closed","ping_status":"closed","sticky":false,"template":"","format":"standard","meta":{"footnotes":""},"categories":[1],"tags":[],"class_list":["post-6969","post","type-post","status-publish","format-standard","has-post-thumbnail","hentry","category-sin-categoria"],"_links":{"self":[{"href":"https:\/\/eoiestepona.org\/web\/wp-json\/wp\/v2\/posts\/6969","targetHints":{"allow":["GET"]}}],"collection":[{"href":"https:\/\/eoiestepona.org\/web\/wp-json\/wp\/v2\/posts"}],"about":[{"href":"https:\/\/eoiestepona.org\/web\/wp-json\/wp\/v2\/types\/post"}],"author":[{"embeddable":true,"href":"https:\/\/eoiestepona.org\/web\/wp-json\/wp\/v2\/users\/2"}],"replies":[{"embeddable":true,"href":"https:\/\/eoiestepona.org\/web\/wp-json\/wp\/v2\/comments?post=6969"}],"version-history":[{"count":1,"href":"https:\/\/eoiestepona.org\/web\/wp-json\/wp\/v2\/posts\/6969\/revisions"}],"predecessor-version":[{"id":6971,"href":"https:\/\/eoiestepona.org\/web\/wp-json\/wp\/v2\/posts\/6969\/revisions\/6971"}],"wp:featuredmedia":[{"embeddable":true,"href":"https:\/\/eoiestepona.org\/web\/wp-json\/wp\/v2\/media\/6970"}],"wp:attachment":[{"href":"https:\/\/eoiestepona.org\/web\/wp-json\/wp\/v2\/media?parent=6969"}],"wp:term":[{"taxonomy":"category","embeddable":true,"href":"https:\/\/eoiestepona.org\/web\/wp-json\/wp\/v2\/categories?post=6969"},{"taxonomy":"post_tag","embeddable":true,"href":"https:\/\/eoiestepona.org\/web\/wp-json\/wp\/v2\/tags?post=6969"}],"curies":[{"name":"wp","href":"https:\/\/api.w.org\/{rel}","templated":true}]}}